{"id":13361,"date":"2019-08-31T00:00:00","date_gmt":"2019-08-31T00:00:00","guid":{"rendered":""},"modified":"2019-08-31T00:00:00","modified_gmt":"2019-08-31T00:00:00","slug":"wanderurlaub","status":"publish","type":"post","link":"https:\/\/www.fewo-direkt.de\/reisefuehrer\/urlaubsideen\/wandern\/wanderurlaub","title":{"rendered":"Wanderurlaub in Europa"},"content":{"rendered":"\n<p>Das Wandern ist nicht nur des M\u00fcllers Lust, sondern liegt im Trend \u2013 da sind sich jung und alt absolut einig. Denn bei einem Wanderurlaub kann man die sch\u00f6nsten europ\u00e4ischen Ferienregionen, ihre vielf\u00e4ltige Natur, Land und Leute am besten kennen lernen. Auf Schusters Rappen f\u00e4llt die Entschleunigung selbst eingefleischten Gro\u00dfst\u00e4dtern leicht. Denn Stress und Hektik sind sofort vergessen, wenn der eigene Schritt das Tempo vorgibt.\r\n<\/p>\n\n\n<p>\r\nBeim Bergwandern laden immer wieder sch\u00f6ne Aussichten und reizvolle Landschaften, z\u00fcnftige Rastpl\u00e4tze oder l\u00e4ndliche Ausflugslokale zum Verweilen und Auftanken ein. Und beim Wandern k\u00f6nnen Sie bekannte Ferienziele wie Mallorca einmal von ihrer ganz ruhigen Seite kennen lernen. Auf Madeira finden Naturfreunde das ganze Jahr \u00fcber beste Bedingungen f\u00fcrs Bergwandern. Noch n\u00e4her liegen S\u00fcdtirol, \u00d6sterreich und die Schweiz, wo Bergtouren mit und ohne Bergf\u00fchrer zu den klassische Ferienangeboten geh\u00f6ren. Alle Sinne werden wach beim Wandern, die Bewegung an frischer Luft tut gut und macht gesunden Appetit. Und nicht zuletzt ist das Bergwandern ein sch\u00f6ner Sport, der in jedem Alter und bei jeder Konstitution wohltuend ist. F\u00fcrs Bergsteigen auf steilen Pfaden sind allerdings eine gute Ausr\u00fcstung, Kondition und mitunter auch ortskundige Anleitung n\u00f6tig.\r\n\r\n<\/p>\n\n\n<p>Doch bei guter Planung sind auch Bergtouren in jedem Schwierigkeitsgrad m\u00f6glich, so dass die ganze Familie ihren Spa\u00df daran haben kann und auch Senioren auf ihre Kosten kommen k\u00f6nnen: In vielen Wandergebieten gibt es ausgeschilderte H\u00f6henwege, die ein tolles Panorama bieten. Und wo eine Seilbahn auf den Gipfel f\u00e4hrt, kann man sich den anstrengenden Aufstieg sparen und beim weniger schwei\u00dftreibenden Abstieg die sch\u00f6ne Aussicht unbeschwert genie\u00dfen.\r\n<\/p>\n\n\n<p><\/p>\n\n<figure class=\"wp-block-image size-large is-resized\"><img decoding=\"async\" loading=\"lazy\" class=\"wp-image-11 alignalignfull-width\" src=\"\/reisefuehrer\/wp-content\/uploads\/6DWK5IPeGfEc63kmk3FE3Z\/133ca0ed95ba133846bc00710cf37b5a\/wanderurlaub_-_Wanderurlaub_in_Europa_1_-_Fewo.jpg\" alt=\"wanderurlaub - Wanderurlaub in Europa 1\"><\/figure>\n<p><\/p>\n\n\n<hr class=\"wp-block-separator has-alpha-channel-opacity\"\/>\n\n\n<p><\/p>\n\n\n<h2>\r\r\nWanderurlaub in der <a name=\"Schweiz\r\n\">Schweiz\r\n<\/a><\/h2>\n\n\n<p>\r\nDie Schweiz ist ein Land voller Natursch\u00f6nheiten, einzigartigen Landschaften, Gebirgen, Gletschern, Seen und Fl\u00fcssen, die nur darauf warten, beim Wandern entdeckt zu werden. Sechs nationale und 53 regionale Routen f\u00fchren durch alle Regionen und bieten f\u00fcr alle Wanderurlauber die passenden Strecken: Eine gem\u00fctliche Familienwanderung entlang des Flusses, eine anspruchsvolle Bergtour im Hochgebirge oder sportliches Bergsteigen auf die h\u00f6chsten Gipfel.\r\n<\/p>\n\n\n<p>\r\n<a href=\"https:\/\/www.fewo-direkt.de\/search\/keywords:schweiz\">G\u00fcnstige Ferienwohnungen in der Schweiz finden ><\/a><\/p>\n\n\n<p><\/p>\n\n\n<hr class=\"wp-block-separator has-alpha-channel-opacity\"\/>\n\n\n<p><\/p>\n\n\n<h2>\r\r\nBergwandern in <a name=\"\u00d6sterreich\r\n\">\u00d6sterreich\r\n<\/a><\/h2>\n\n\n<p>\r\nDie abwechslungsreiche Natur im Nachbarland l\u00e4dt besonders zu Aktivit\u00e4ten ein: Wandern, Bergwandern oder gar Bergsteigen und Klettern, Rad fahren, Schwimmen oder Reiten&#8230; \u2013 die Liste der M\u00f6glichkeiten ist lang. Wandern l\u00e4sst es sich in \u00d6sterreich entlang von Seen, \u00fcber Wiesen und Felder bis hinauf in das hochalpine Gel\u00e4nde. \u00d6sterreich bietet f\u00fcr jeden Wanderer eine geeignete Route &#8211; ob Wander-Anf\u00e4ger oder schon Profi! Die herrliche Naturlandschaft bietet bei den Wandertouren atemberaubende Ausblicke.\r\n<\/p>\n\n\n<p>\r\n<a href=\"https:\/\/www.fewo-direkt.de\/search\/keywords:\u00f6sterreich\">Ferienwohnung in \u00d6sterreich mieten ><\/a><\/p>\n\n\n<p><\/p>\n\n\n<hr class=\"wp-block-separator has-alpha-channel-opacity\"\/>\n\n\n<p><\/p>\n\n\n<h2>\r\r\nWanderurlaub auf <a name=\"Madeira\r\n\">Madeira\r\n<\/a><\/h2>\n\n\n<p>\r\nAuf der Insel des ewigen Fr\u00fchlings herrscht das ganze Jahr \u00fcber gutes Wanderwetter: Auf Madeira k\u00f6nnen sportlich ambitionierte Urlauber anspruchsvolle Bergtouren unternehmen. Daneben finden Familien oder Senioren aber auch weniger anstrengende ausgeschilderte Bergtouren, die an den traditionellen Bew\u00e4sserungsgr\u00e4ben entlangf\u00fchren und m\u00e4\u00dfige H\u00f6henunterschiede haben. Hier lassen sich Wanderurlaub, Erholung in der Natur und Badeferien perfekt verbinden.\r\n<\/p>\n\n\n<p>\r\n\r\n<a href=\"https:\/\/www.fewo-direkt.de\/search\/keywords:autonome-region-madeira-portugal\">Ferienh\u00e4user auf Madeira finden ><\/a><\/p>\n\n\n<p><\/p>\n\n\n<hr class=\"wp-block-separator has-alpha-channel-opacity\"\/>\n\n\n<p><\/p>\n\n\n<h2>\r\n\rWanderurlaub auf <a name=\"Mallorca\r\n\">Mallorca\r\n<\/a><\/h2>\n\n\n<p>\r\nDie Baleareninsel Mallorca ist vor allem f\u00fcr Strand- und Partyurlaub bekannt, dabei bietet sie im Binnenland beste Bedingungen f\u00fcrs Bergwandern. Dabei bieten sich oft grandiose Aussichten bis zur K\u00fcste hinunter \u2013 und die Str\u00e4nde liegen f\u00fcr ein erfrischendes Bad nach der anstrengenden Bergtour ganz nah. So l\u00e4sst sich der Urlaub abwechslungsreich gestalten! Endtdecken Sie die liebste Insel der Deutschen einmal von einer ganz anderen Seite und lernen Sie die Vielfalt Mallorcas kennen.\r\n<\/p>\n\n\n<p>\r\n\r\n<a href=\"https:\/\/www.fewo-direkt.de\/search\/keywords:mallorca-balearische-inseln-spanien\">Finca auf Mallorca f\u00fcr den Wanderurlaub ><\/a><\/p>\n\n\n<p><\/p>\n\n\n<hr class=\"wp-block-separator has-alpha-channel-opacity\"\/>\n\n\n<p><\/p>\n\n\n<h2>\r\nWandern in <a name=\"S\u00fcdtirol\r\n\">S\u00fcdtirol\r\n<\/a><\/h2>\n\n\n<p>\r\nIm Norden Italiens, liegt S\u00fcdtirol an der Sonnenseite der Alpen: So vereinen sich hier die besten Voraussetzungen f\u00fcr Wandern und Bergsteigen mit den Annehmlichkeiten eines milden, mediterranen Klimas in den T\u00e4lern. Ob leichtes Bergwandern durch Feld und Wald oder anspruchsvolle Bergtouren zwischen Gletschern und Alpenseen \u2013 in S\u00fcdtirol ist f\u00fcr alle Anspr\u00fcche gesorgt. Jeder Wanderer kommt hier auf seine Kosten und am Abend genie\u00dfen Sie die S\u00fcdtiroler K\u00fcche.\r\n<\/p>\n\n\n<p>\r\n\r\n<a href=\"https:\/\/www.fewo-direkt.de\/search\/keywords:trentino-s\u00fcdtirol-italien\">G\u00fcnstige Ferienwohnung in S\u00fcdtirol mieten ><\/a><\/p>\n\n\n<p><\/p>\n\n\n<hr class=\"wp-block-separator has-alpha-channel-opacity\"\/>\n\n\n<p><\/p>\n\n<figure class=\"wp-block-image size-large is-resized\"><img decoding=\"async\" loading=\"lazy\" class=\"wp-image-11 alignalignfull-width\" src=\"\/reisefuehrer\/wp-content\/uploads\/3QGu7o0bTVMfuVQQe0qTE0\/87729a17461bb819fbab57206121f2c3\/wanderurlaub_-_Bergwandern_in___sterreich_2_-_Fewo.jpg\" alt=\"wanderurlaub - Bergwandern in \u00d6sterreich 2\"><\/figure>\n<p><\/p>\n\n\n<p>\r\n\rIm Urlaub m\u00f6chten Sie nicht nur am Strand liegen, sondern auch einmal aktiv werden, sich bewegen und dabei einen neuen Blickwinkel auf die Landschaft und Natur einer Region bekommen. Dann ist ein Wanderurlaub genau das Richtige f\u00fcr Sie. In Europa gibt es etliche Destinationen, an denen Sie einen wunderbaren Wanderurlaub verbringen k\u00f6nnen. Ob Sie in \u00d6sterreich Bergwanderungen machen m\u00f6chten oder doch lieber Mallorca zu Fu\u00df erkunden &#8211; ein Wanderurlaub kann genau nach Ihrem Geschmack gestaltet werden. Madeira, die Schweiz oder auch S\u00fcdtirol sind Regionen, die sich f\u00fcr einen Wanderurlaub anbieten. Wenn Sie ein Ziel wie zum Beispiel Mallorca oder Madeira w\u00e4hlen, dann k\u00f6nnen Sie sogar Wander- mit Badeurlaub kombinieren. In den k\u00fchleren Morgenstunden k\u00f6nnen Sie die geplanten Wanderungen machen und sich dann mittags am Strand von den Anstrengungen erholen. Sie werden Ihren Aktivurlaub so oder so genie\u00dfen. <\/p>\n\n","protected":false},"excerpt":{"rendered":"<p>Das Wandern ist nicht nur des M\u00fcllers Lust, sondern liegt im Trend \u2013 da sind sich jung und alt absolut einig. Denn bei einem Wanderurlaub kann man die sch\u00f6nsten europ\u00e4ischen Ferienregionen, ihre vielf\u00e4ltige Natur, Land und Leute am besten kennen lernen. Auf Schusters Rappen f\u00e4llt die Entschleunigung selbst eingefleischten Gro\u00dfst\u00e4dtern leicht. Denn Stress und Hektik&#8230;<\/p>\n","protected":false},"author":1,"featured_media":13362,"comment_status":"closed","ping_status":"closed","sticky":false,"template":"","format":"standard","meta":[],"categories":[240],"tags":[],"acf":[],"yoast_head":"<!-- This site is optimized with the Yoast SEO plugin v19.12 - https:\/\/yoast.com\/wordpress\/plugins\/seo\/ -->\n<title>Beliebte Reiseziele f\u00fcr Ihren Wanderurlaub in Europa<\/title>\n<meta name=\"description\" content=\"Finden Sie die beliebtesten Reiseziele f\u00fcr Ihren unvergesslichen Wanderurlaub in Europa!\" \/>\n<meta name=\"robots\" content=\"index, follow, max-snippet:-1, max-image-preview:large, max-video-preview:-1\" \/>\n<link rel=\"canonical\" href=\"https:\/\/www.fewo-direkt.de\/reisefuehrer\/urlaubsideen\/wandern\/wanderurlaub\" \/>\n<meta property=\"og:locale\" content=\"en_US\" \/>\n<meta property=\"og:type\" content=\"article\" \/>\n<meta property=\"og:title\" content=\"Beliebte Reiseziele f\u00fcr Ihren Wanderurlaub in Europa\" \/>\n<meta property=\"og:description\" content=\"Finden Sie die beliebtesten Reiseziele f\u00fcr Ihren unvergesslichen Wanderurlaub in Europa!\" \/>\n<meta property=\"og:url\" content=\"https:\/\/www.fewo-direkt.de\/reisefuehrer\/urlaubsideen\/wandern\/wanderurlaub\" \/>\n<meta property=\"og:site_name\" content=\"VRBO\" \/>\n<meta property=\"article:published_time\" content=\"2019-08-31T00:00:00+00:00\" \/>\n<meta name=\"author\" content=\"vrbous_admin\" \/>\n<meta name=\"twitter:card\" content=\"summary_large_image\" \/>\n<meta name=\"twitter:label1\" content=\"Written by\" \/>\n\t<meta name=\"twitter:data1\" content=\"vrbous_admin\" \/>\n\t<meta name=\"twitter:label2\" content=\"Est. reading time\" \/>\n\t<meta name=\"twitter:data2\" content=\"4 minutes\" \/>\n<script type=\"application\/ld+json\" class=\"yoast-schema-graph\">{\"@context\":\"https:\/\/schema.org\",\"@graph\":[{\"@type\":\"WebPage\",\"@id\":\"https:\/\/www.fewo-direkt.de\/reisefuehrer\/urlaubsideen\/wandern\/wanderurlaub\",\"url\":\"https:\/\/www.fewo-direkt.de\/reisefuehrer\/urlaubsideen\/wandern\/wanderurlaub\",\"name\":\"Beliebte Reiseziele f\u00fcr Ihren Wanderurlaub in Europa\",\"isPartOf\":{\"@id\":\"https:\/\/www.fewo-direkt.de\/reisefuehrer\/#website\"},\"datePublished\":\"2019-08-31T00:00:00+00:00\",\"dateModified\":\"2019-08-31T00:00:00+00:00\",\"author\":{\"@id\":\"https:\/\/www.fewo-direkt.de\/reisefuehrer\/#\/schema\/person\/520e43ecbb88d854b065acd2b48b42d2\"},\"description\":\"Finden Sie die beliebtesten Reiseziele f\u00fcr Ihren unvergesslichen Wanderurlaub in Europa!\",\"breadcrumb\":{\"@id\":\"https:\/\/www.fewo-direkt.de\/reisefuehrer\/urlaubsideen\/wandern\/wanderurlaub#breadcrumb\"},\"inLanguage\":\"en-US\",\"potentialAction\":[{\"@type\":\"ReadAction\",\"target\":[\"https:\/\/www.fewo-direkt.de\/reisefuehrer\/urlaubsideen\/wandern\/wanderurlaub\"]}]},{\"@type\":\"BreadcrumbList\",\"@id\":\"https:\/\/www.fewo-direkt.de\/reisefuehrer\/urlaubsideen\/wandern\/wanderurlaub#breadcrumb\",\"itemListElement\":[{\"@type\":\"ListItem\",\"position\":1,\"name\":\"Home\",\"item\":\"https:\/\/www.fewo-direkt.de\/reisefuehrer\/\"},{\"@type\":\"ListItem\",\"position\":2,\"name\":\"Urlaubsideen\",\"item\":\"https:\/\/www.fewo-direkt.de\/reisefuehrer\/urlaubsideen\"},{\"@type\":\"ListItem\",\"position\":3,\"name\":\"Wandern\",\"item\":\"https:\/\/www.fewo-direkt.de\/reisefuehrer\/urlaubsideen\/wandern\"},{\"@type\":\"ListItem\",\"position\":4,\"name\":\"Wanderurlaub in Europa\"}]},{\"@type\":\"WebSite\",\"@id\":\"https:\/\/www.fewo-direkt.de\/reisefuehrer\/#website\",\"url\":\"https:\/\/www.fewo-direkt.de\/reisefuehrer\/\",\"name\":\"VRBO\",\"description\":\"Inspiration for your Vacation\",\"potentialAction\":[{\"@type\":\"SearchAction\",\"target\":{\"@type\":\"EntryPoint\",\"urlTemplate\":\"https:\/\/www.fewo-direkt.de\/reisefuehrer\/?s={search_term_string}\"},\"query-input\":\"required name=search_term_string\"}],\"inLanguage\":\"en-US\"},{\"@type\":\"Person\",\"@id\":\"https:\/\/www.fewo-direkt.de\/reisefuehrer\/#\/schema\/person\/520e43ecbb88d854b065acd2b48b42d2\",\"name\":\"vrbous_admin\",\"image\":{\"@type\":\"ImageObject\",\"inLanguage\":\"en-US\",\"@id\":\"https:\/\/www.fewo-direkt.de\/reisefuehrer\/#\/schema\/person\/image\/\",\"url\":\"https:\/\/secure.gravatar.com\/avatar\/34fbaa9832585e9f68574cb233fe8d82?s=96&d=mm&r=g\",\"contentUrl\":\"https:\/\/secure.gravatar.com\/avatar\/34fbaa9832585e9f68574cb233fe8d82?s=96&d=mm&r=g\",\"caption\":\"vrbous_admin\"},\"sameAs\":[\"https:\/\/vrbous.web\"],\"url\":\"https:\/\/www.fewo-direkt.de\/reisefuehrer\/author\/vrbous_admin\"}]}<\/script>\n<!-- \/ Yoast SEO plugin. -->","yoast_head_json":{"title":"Beliebte Reiseziele f\u00fcr Ihren Wanderurlaub in Europa","description":"Finden Sie die beliebtesten Reiseziele f\u00fcr Ihren unvergesslichen Wanderurlaub in Europa!","robots":{"index":"index","follow":"follow","max-snippet":"max-snippet:-1","max-image-preview":"max-image-preview:large","max-video-preview":"max-video-preview:-1"},"canonical":"https:\/\/www.fewo-direkt.de\/reisefuehrer\/urlaubsideen\/wandern\/wanderurlaub","og_locale":"en_US","og_type":"article","og_title":"Beliebte Reiseziele f\u00fcr Ihren Wanderurlaub in Europa","og_description":"Finden Sie die beliebtesten Reiseziele f\u00fcr Ihren unvergesslichen Wanderurlaub in Europa!","og_url":"https:\/\/www.fewo-direkt.de\/reisefuehrer\/urlaubsideen\/wandern\/wanderurlaub","og_site_name":"VRBO","article_published_time":"2019-08-31T00:00:00+00:00","author":"vrbous_admin","twitter_card":"summary_large_image","twitter_misc":{"Written by":"vrbous_admin","Est. reading time":"4 minutes"},"schema":{"@context":"https:\/\/schema.org","@graph":[{"@type":"WebPage","@id":"https:\/\/www.fewo-direkt.de\/reisefuehrer\/urlaubsideen\/wandern\/wanderurlaub","url":"https:\/\/www.fewo-direkt.de\/reisefuehrer\/urlaubsideen\/wandern\/wanderurlaub","name":"Beliebte Reiseziele f\u00fcr Ihren Wanderurlaub in Europa","isPartOf":{"@id":"https:\/\/www.fewo-direkt.de\/reisefuehrer\/#website"},"datePublished":"2019-08-31T00:00:00+00:00","dateModified":"2019-08-31T00:00:00+00:00","author":{"@id":"https:\/\/www.fewo-direkt.de\/reisefuehrer\/#\/schema\/person\/520e43ecbb88d854b065acd2b48b42d2"},"description":"Finden Sie die beliebtesten Reiseziele f\u00fcr Ihren unvergesslichen Wanderurlaub in Europa!","breadcrumb":{"@id":"https:\/\/www.fewo-direkt.de\/reisefuehrer\/urlaubsideen\/wandern\/wanderurlaub#breadcrumb"},"inLanguage":"en-US","potentialAction":[{"@type":"ReadAction","target":["https:\/\/www.fewo-direkt.de\/reisefuehrer\/urlaubsideen\/wandern\/wanderurlaub"]}]},{"@type":"BreadcrumbList","@id":"https:\/\/www.fewo-direkt.de\/reisefuehrer\/urlaubsideen\/wandern\/wanderurlaub#breadcrumb","itemListElement":[{"@type":"ListItem","position":1,"name":"Home","item":"https:\/\/www.fewo-direkt.de\/reisefuehrer\/"},{"@type":"ListItem","position":2,"name":"Urlaubsideen","item":"https:\/\/www.fewo-direkt.de\/reisefuehrer\/urlaubsideen"},{"@type":"ListItem","position":3,"name":"Wandern","item":"https:\/\/www.fewo-direkt.de\/reisefuehrer\/urlaubsideen\/wandern"},{"@type":"ListItem","position":4,"name":"Wanderurlaub in Europa"}]},{"@type":"WebSite","@id":"https:\/\/www.fewo-direkt.de\/reisefuehrer\/#website","url":"https:\/\/www.fewo-direkt.de\/reisefuehrer\/","name":"VRBO","description":"Inspiration for your Vacation","potentialAction":[{"@type":"SearchAction","target":{"@type":"EntryPoint","urlTemplate":"https:\/\/www.fewo-direkt.de\/reisefuehrer\/?s={search_term_string}"},"query-input":"required name=search_term_string"}],"inLanguage":"en-US"},{"@type":"Person","@id":"https:\/\/www.fewo-direkt.de\/reisefuehrer\/#\/schema\/person\/520e43ecbb88d854b065acd2b48b42d2","name":"vrbous_admin","image":{"@type":"ImageObject","inLanguage":"en-US","@id":"https:\/\/www.fewo-direkt.de\/reisefuehrer\/#\/schema\/person\/image\/","url":"https:\/\/secure.gravatar.com\/avatar\/34fbaa9832585e9f68574cb233fe8d82?s=96&d=mm&r=g","contentUrl":"https:\/\/secure.gravatar.com\/avatar\/34fbaa9832585e9f68574cb233fe8d82?s=96&d=mm&r=g","caption":"vrbous_admin"},"sameAs":["https:\/\/vrbous.web"],"url":"https:\/\/www.fewo-direkt.de\/reisefuehrer\/author\/vrbous_admin"}]}},"_links":{"self":[{"href":"https:\/\/www.fewo-direkt.de\/reisefuehrer\/wp-json\/wp\/v2\/posts\/13361"}],"collection":[{"href":"https:\/\/www.fewo-direkt.de\/reisefuehrer\/wp-json\/wp\/v2\/posts"}],"about":[{"href":"https:\/\/www.fewo-direkt.de\/reisefuehrer\/wp-json\/wp\/v2\/types\/post"}],"author":[{"embeddable":true,"href":"https:\/\/www.fewo-direkt.de\/reisefuehrer\/wp-json\/wp\/v2\/users\/1"}],"replies":[{"embeddable":true,"href":"https:\/\/www.fewo-direkt.de\/reisefuehrer\/wp-json\/wp\/v2\/comments?post=13361"}],"version-history":[{"count":0,"href":"https:\/\/www.fewo-direkt.de\/reisefuehrer\/wp-json\/wp\/v2\/posts\/13361\/revisions"}],"wp:featuredmedia":[{"embeddable":true,"href":"https:\/\/www.fewo-direkt.de\/reisefuehrer\/wp-json\/wp\/v2\/media\/13362"}],"wp:attachment":[{"href":"https:\/\/www.fewo-direkt.de\/reisefuehrer\/wp-json\/wp\/v2\/media?parent=13361"}],"wp:term":[{"taxonomy":"category","embeddable":true,"href":"https:\/\/www.fewo-direkt.de\/reisefuehrer\/wp-json\/wp\/v2\/categories?post=13361"},{"taxonomy":"post_tag","embeddable":true,"href":"https:\/\/www.fewo-direkt.de\/reisefuehrer\/wp-json\/wp\/v2\/tags?post=13361"}],"curies":[{"name":"wp","href":"https:\/\/api.w.org\/{rel}","templated":true}]}}