{"id":13041,"date":"2019-07-10T06:13:44","date_gmt":"2019-07-10T06:13:44","guid":{"rendered":""},"modified":"2019-07-10T06:13:44","modified_gmt":"2019-07-10T06:13:44","slug":"ferienwohnungen-ischgl","status":"publish","type":"post","link":"https:\/\/www.fewo-direkt.de\/reisefuehrer\/ferienwohnungen\/europa\/ferienwohnungen-ischgl","title":{"rendered":"Ferienwohnungen in Ischgl von privat zu mieten"},"content":{"rendered":"\n<p>Eines der besten Skigebiete in Tirol und die Event-Hochburg der \u00f6sterreichischen Alpen \u2013 wenn Sie Pulverschnee und Party sch\u00e4tzen, sind Sie in <a href=\"https:\/\/www.fewo-direkt.de\/search\/keywords:ischgl-tirol-\u00f6sterreich\">Ischgl<\/a> bestens aufgehoben. Bis weit \u00fcber die Landesgrenzen hinaus ist der Skiort im Paznaun als Partymetropole des Tiroler Wintertourismus f\u00fcr Apr\u00e8s-Ski und Events der Extraklasse bekannt. Die Skisaison wird mit den legend\u00e4ren \u201eTop of the Mountain\u201c-Konzerten er\u00f6ffnet und verabschiedet, wo auf der Open Air B\u00fchne in atemberaubender Kulisse internationale Popgr\u00f6\u00dfen auftreten. Die 230 bestens pr\u00e4parierten Pistenkilometer der <a href=\"https:\/\/www.fewo-direkt.de\/search\/keywords:silvretta-arena-ischgl-tirol-\u00f6sterreich\">Silvretta Arena Ischgl-Samnaun<\/a>, die bis \u00fcber die Grenze in die Schweiz reicht, bieten abwechslungsreichen Ski- und Snowboardspa\u00df f\u00fcr alle K\u00f6nnensstufen. Doch nach Ischgl kommt niemand nur des Wintersports wegen. Auch das Ibiza von Tirol genannt, \u00f6ffnen hier die Apr\u00e8s-Ski-H\u00fctten bereits am Vormittag und sorgen f\u00fcr Partystimmung rund um die Uhr. Neben zahlreichen Hotels finden Sie in Ischgl auch Ferienwohnungen, die von privat vermietet werden. Eine gr\u00f6\u00dfere Auswahl haben Sie, wenn Sie in den umliegenden D\u00f6rfern wie Kappl oder Mathon wohnen, die neben eigenen Skigebieten durch den kostenlosen Skibus mit Ischgl verbunden sind.\r<\/p>\n\n\n<p><\/p>\n\n\n<h2>Das Ibiza von Tirol \u2013 Ferienwohnungen in Ischgl an <a name=\"Silvester\">Silvester<\/a><\/h2>\n\n\n<p>Wenn Sie es an Silvester in den Bergen einmal so richtig krachen lassen wollen, gibt es wohl keinen besseren Ort als Ischgl. Hier steigen die angesagtesten Silvesterpartys in ganz Tirol und es wird gefeiert bis zum Morgengrauen. Internationales Flair, Traumpanorama und ausgezeichnete Sternek\u00fcche sorgen f\u00fcr einen ganz besonderen Jahreswechsel. Und falls Sie es mit dem Feiern nicht \u00fcbertreiben, erwartet Sie am ersten Tag des Jahres ein ganz besonderer Genuss: Ein beinahe leeres Skigebiet mit besten Verh\u00e4ltnissen ganz f\u00fcr Sie alleine \u2013 denn die meisten Urlauber kommen an diesem Tag nicht aus den Federn oder \u00fcber die Sauna hinaus. Um eine der beliebten Ferienwohnungen in Ischgl an Silvester zu ergattern, m\u00fcssen Sie sich fr\u00fchzeitig um eine Buchung bem\u00fchen, denn der Jahreswechsel ist im hippen Ischgl die absolute Hochsaison.\r<\/p>\n\n\n<p><\/p>\n\n<figure class=\"wp-block-image size-large is-resized\"><img decoding=\"async\" loading=\"lazy\" class=\"wp-image-11 alignalignfull-width\" src=\"\/reisefuehrer\/wp-content\/uploads\/2Box6488a2UlxS951orLKU\/06f1f5dea18795cb0a4f517d67a14656\/3a823297-de15-4746-bff9-da61ba7aee9f.lg1.jpg\" alt=\"Ferienwohnung f\u00fcr 5 Personen in Ischgl\"><\/figure>\n<p><\/p>\n\n\n<h2>Tierisch guter Bergurlaub \u2013 Ferienwohnungen in Ischgl <a name=\"mit_Hund\">mit Hund<\/a><\/h2>\n\n\n<p>Nat\u00fcrlich k\u00f6nnen Sie in Ischgl auch Urlaub mit Hund in einer Ferienwohnung machen, denn die meisten Einrichtungen erlauben Haustiere. F\u00fcr Ihren Vierbeiner ist ein Sommerurlaub in Ischgl ein gro\u00dfes Vergn\u00fcgen, denn hier in den Bergen kann er sich nach Herzenslust austoben. Ausgedehnte Wanderungen, bei denen er sich in den Bergseen erfrischen kann, schattige W\u00e4lder und gr\u00fcne Almen laden zu Erkundungstouren in atemberaubendem Panorama ein. Im Winter gef\u00e4llt es Ihrem Hund vermutlich in den umliegenden D\u00f6rfern besser als in Ischgl selbst, wo die Partyg\u00e4ste die Nacht zum Tag machen. In <a href=\"https:\/\/www.fewo-direkt.de\/search\/keywords:kappl-tirol-\u00f6sterreich\">Kappl<\/a> oder <a href=\"https:\/\/www.fewo-direkt.de\/search\/keywords:mathon-tirol-\u00f6sterreich\">Mathon<\/a> geht es deutlich ruhiger zu und Sie k\u00f6nnen mit Ihrem Hund die Natur genie\u00dfen ohne dabei ganz auf den Trubel verzichten zu m\u00fcssen.\r<\/p>\n\n\n<p><\/p>\n\n<figure class=\"wp-block-image size-large is-resized\"><img decoding=\"async\" loading=\"lazy\" class=\"wp-image-11 alignalignfull-width\" src=\"\/reisefuehrer\/wp-content\/uploads\/197YFqPI4KZy9tXpfidm3G\/6bec4e6f9be1ea06201e3402e0044e51\/playing-67268.jpg\" alt=\"Hund spielt im Schnee in den Bergen\"><\/figure>\n<p><\/p>\n\n\n<h2>Mountainbike Mekka \u2013 eine Ferienwohnung in Ischgl <a name=\"im_Sommer\">im Sommer<\/a><\/h2>\n\n\n<p>Auch wenn Ischgl vorwiegend als Wintersportort bekannt ist, k\u00f6nnen Sie hier auch einen wundervollen Sommerurlaub verbringen. Vom Balkon Ihrer Ferienwohnung in Ischgl haben Sie im Sommer traumhafte Aussichten auf sattgr\u00fcne Wiesen und W\u00e4lder und schneebedeckte Gipfel. Ischgl ist ein El Dorado f\u00fcr Mountainbiker, denn zwischen den Gipfeln des Paznauntals liegen die sch\u00f6nsten Bikestrecken \u00d6sterreichs. \u00dcber 750 Kilometer k\u00f6nnen Sie auf 37 Touren in allen Schwierigkeitsgraden befahren und wenn Sie lieber downhill fahren als bergauf, bringen Sie die Bergbahnen schnell zum Gipfel. Tolle Wanderwege f\u00fchren an glasklaren Gebirgsseen vorbei, in denen Sie sich an hei\u00dfen Sommertagen herrlich abk\u00fchlen k\u00f6nnen. Bei der Rast an einer der Grillstationen k\u00f6nnen Sie ihr eigenes Grillgut auf den Rost legen. Nervenkitzel pur verspricht der Skyfly: An der Zipline sausen Sie mit bis zu 85 Stundenkilometern hoch \u00fcber dem Boden durch die Kitzloch-Schlucht. \r<\/p>\n\n\n<p><\/p>\n\n<figure class=\"wp-block-image size-large is-resized\"><img decoding=\"async\" loading=\"lazy\" class=\"wp-image-11 alignalignfull-width\" src=\"\/reisefuehrer\/wp-content\/uploads\/5k6m8DHqY6fWrkvAi8lcCl\/986797cf3e7550a5996384977fc2e71d\/8273a7f7-232c-4a70-b2f2-6ed2ebcb5b18.lg1.jpg\" alt=\"Blick vom Balkon einer Ferienwohnung bei Ischgl im Sommer\"><\/figure>\n<p><\/p>\n\n\n<h2>Skispa\u00df pur \u2013 Ferienwohnungen in Ischgl an der <a name=\"Piste\">Piste<\/a><\/h2>\n\n\n<p>Was k\u00f6nnte sch\u00f6ner sein als eine Ferienwohnung mitten im Skigebiet? Richtig \u2013 eine Ferienwohnung in Ischgl direkt an der Piste. Nach dem gem\u00fctlichen Fr\u00fchst\u00fcck direkt auf die Bretter steigen und die erste Abfahrt nehmen, bevor Sie in die Gondel steigen. Solch ein Juwel zu finden, ist nicht ganz einfach. Denn in Ischgl selbst befindet sich ein Gro\u00dfteil der Unterk\u00fcnfte im Ort, was den meisten Urlaubern gelegen ist, die wegen des Apr\u00e8s-Ski nach Ischgl kommen. Doch der Weg zur Piste ist nicht weit, Sie sind von \u00fcberall schnell an der Talstation. Wenn Sie eine Ferienwohnung an der Piste suchen, sind Sie etwas au\u00dferhalb von Ischgl gut aufgehoben, beispielsweise in Kappl. \r<\/p>\n\n\n<p><\/p>\n\n<figure class=\"wp-block-image size-large is-resized\"><img decoding=\"async\" loading=\"lazy\" class=\"wp-image-11 alignalignfull-width\" src=\"\/reisefuehrer\/wp-content\/uploads\/2rhi9Ujr5arPrIOWQJflgb\/adeb82765f8720b212a56da52dbe0ee2\/dd70023a-91d8-4bf4-bc63-79407981b1e9.lg1.jpg\" alt=\"Ferienwohnungen in Ischgl an der Piste\"><\/figure>\n<p><\/p>\n\n\n<h2>Urlaub mit Wellnessfaktor \u2013 Ferienwohnung in Ischgl <a name=\"mit_Sauna\">mit Sauna<\/a><\/h2>\n\n\n<p>Es gibt nichts Sch\u00f6neres als nach einem erfolgreichen Tag auf der Piste in der Sauna zu entspannen. Auf diesen Luxus m\u00fcssen Sie nicht verzichten, wenn Sie sich in Ihrem Skiurlaub in Ischgl f\u00fcr eine Ferienwohnung entscheiden. In den Apartmenth\u00e4usern, in denen Sie Ferienwohnungen f\u00fcr zwei bis zehn Personen mieten k\u00f6nnen, gibt es h\u00e4ufig einen gut ausgestatteten Wellness-Bereich, den Sie kostenlos nutzen k\u00f6nnen. Neben der klassischen finnischen Sauna finden Sie hier auch noch weitere Einrichtungen wie Dampfbad, Kneipp-Becken oder Ruheraum. Wenn Sie sich auch abends noch nach Bewegung sehnen, steht oft auch noch ein Fitnessraum zur Verf\u00fcgung.\r<\/p>\n\n\n<p><\/p>\n\n<figure class=\"wp-block-image size-large is-resized\"><img decoding=\"async\" loading=\"lazy\" class=\"wp-image-11 alignalignfull-width\" src=\"\/reisefuehrer\/wp-content\/uploads\/3w4ecHUhb0AHejORuzE6Mt\/5feec2bcce7f141464675ac9f3f51427\/b79709b1-219f-46b6-91b9-fcbbc3e5cabd.lg1.jpg\" alt=\"Sauna im Wellness-Bereich eines Appartementhauses in Ischgl\"><\/figure>\n<p><\/p>\n\n","protected":false},"excerpt":{"rendered":"<p>Eines der besten Skigebiete in Tirol und die Event-Hochburg der \u00f6sterreichischen Alpen \u2013 wenn Sie Pulverschnee und Party sch\u00e4tzen, sind Sie in Ischgl bestens aufgehoben. Bis weit \u00fcber die Landesgrenzen hinaus ist der Skiort im Paznaun als Partymetropole des Tiroler Wintertourismus f\u00fcr Apr\u00e8s-Ski und Events der Extraklasse bekannt. Die Skisaison wird mit den legend\u00e4ren \u201eTop&#8230;<\/p>\n","protected":false},"author":1,"featured_media":13042,"comment_status":"closed","ping_status":"closed","sticky":false,"template":"","format":"standard","meta":[],"categories":[227],"tags":[],"acf":[],"yoast_head":"<!-- This site is optimized with the Yoast SEO plugin v19.12 - https:\/\/yoast.com\/wordpress\/plugins\/seo\/ -->\n<title>Pulverschnee und Apr\u00e8s-Ski \u2013 Ferienwohnung in Ischgl<\/title>\n<meta name=\"description\" content=\"Von der Piste auf die Party in der Event-Hochburg Tirols \u2013 hier finden Sie Ihre Ferienwohnung in Ischgl.\" \/>\n<meta name=\"robots\" content=\"index, follow, max-snippet:-1, max-image-preview:large, max-video-preview:-1\" \/>\n<link rel=\"canonical\" href=\"https:\/\/www.fewo-direkt.de\/reisefuehrer\/ferienwohnungen\/europa\/ferienwohnungen-ischgl\" \/>\n<meta property=\"og:locale\" content=\"en_US\" \/>\n<meta property=\"og:type\" content=\"article\" \/>\n<meta property=\"og:title\" content=\"Pulverschnee und Apr\u00e8s-Ski \u2013 Ferienwohnung in Ischgl\" \/>\n<meta property=\"og:description\" content=\"Von der Piste auf die Party in der Event-Hochburg Tirols \u2013 hier finden Sie Ihre Ferienwohnung in Ischgl.\" \/>\n<meta property=\"og:url\" content=\"https:\/\/www.fewo-direkt.de\/reisefuehrer\/ferienwohnungen\/europa\/ferienwohnungen-ischgl\" \/>\n<meta property=\"og:site_name\" content=\"VRBO\" \/>\n<meta property=\"article:published_time\" content=\"2019-07-10T06:13:44+00:00\" \/>\n<meta name=\"author\" content=\"vrbous_admin\" \/>\n<meta name=\"twitter:card\" content=\"summary_large_image\" \/>\n<meta name=\"twitter:label1\" content=\"Written by\" \/>\n\t<meta name=\"twitter:data1\" content=\"vrbous_admin\" \/>\n\t<meta name=\"twitter:label2\" content=\"Est. reading time\" \/>\n\t<meta name=\"twitter:data2\" content=\"4 minutes\" \/>\n<script type=\"application\/ld+json\" class=\"yoast-schema-graph\">{\"@context\":\"https:\/\/schema.org\",\"@graph\":[{\"@type\":\"WebPage\",\"@id\":\"https:\/\/www.fewo-direkt.de\/reisefuehrer\/ferienwohnungen\/europa\/ferienwohnungen-ischgl\",\"url\":\"https:\/\/www.fewo-direkt.de\/reisefuehrer\/ferienwohnungen\/europa\/ferienwohnungen-ischgl\",\"name\":\"Pulverschnee und Apr\u00e8s-Ski \u2013 Ferienwohnung in Ischgl\",\"isPartOf\":{\"@id\":\"https:\/\/www.fewo-direkt.de\/reisefuehrer\/#website\"},\"datePublished\":\"2019-07-10T06:13:44+00:00\",\"dateModified\":\"2019-07-10T06:13:44+00:00\",\"author\":{\"@id\":\"https:\/\/www.fewo-direkt.de\/reisefuehrer\/#\/schema\/person\/520e43ecbb88d854b065acd2b48b42d2\"},\"description\":\"Von der Piste auf die Party in der Event-Hochburg Tirols \u2013 hier finden Sie Ihre Ferienwohnung in Ischgl.\",\"breadcrumb\":{\"@id\":\"https:\/\/www.fewo-direkt.de\/reisefuehrer\/ferienwohnungen\/europa\/ferienwohnungen-ischgl#breadcrumb\"},\"inLanguage\":\"en-US\",\"potentialAction\":[{\"@type\":\"ReadAction\",\"target\":[\"https:\/\/www.fewo-direkt.de\/reisefuehrer\/ferienwohnungen\/europa\/ferienwohnungen-ischgl\"]}]},{\"@type\":\"BreadcrumbList\",\"@id\":\"https:\/\/www.fewo-direkt.de\/reisefuehrer\/ferienwohnungen\/europa\/ferienwohnungen-ischgl#breadcrumb\",\"itemListElement\":[{\"@type\":\"ListItem\",\"position\":1,\"name\":\"Home\",\"item\":\"https:\/\/www.fewo-direkt.de\/reisefuehrer\/\"},{\"@type\":\"ListItem\",\"position\":2,\"name\":\"Ferienwohnungen\",\"item\":\"https:\/\/www.fewo-direkt.de\/reisefuehrer\/ferienwohnungen\"},{\"@type\":\"ListItem\",\"position\":3,\"name\":\"Europa\",\"item\":\"https:\/\/www.fewo-direkt.de\/reisefuehrer\/ferienwohnungen\/europa\"},{\"@type\":\"ListItem\",\"position\":4,\"name\":\"Ferienwohnungen in Ischgl von privat zu mieten\"}]},{\"@type\":\"WebSite\",\"@id\":\"https:\/\/www.fewo-direkt.de\/reisefuehrer\/#website\",\"url\":\"https:\/\/www.fewo-direkt.de\/reisefuehrer\/\",\"name\":\"VRBO\",\"description\":\"Inspiration for your Vacation\",\"potentialAction\":[{\"@type\":\"SearchAction\",\"target\":{\"@type\":\"EntryPoint\",\"urlTemplate\":\"https:\/\/www.fewo-direkt.de\/reisefuehrer\/?s={search_term_string}\"},\"query-input\":\"required name=search_term_string\"}],\"inLanguage\":\"en-US\"},{\"@type\":\"Person\",\"@id\":\"https:\/\/www.fewo-direkt.de\/reisefuehrer\/#\/schema\/person\/520e43ecbb88d854b065acd2b48b42d2\",\"name\":\"vrbous_admin\",\"image\":{\"@type\":\"ImageObject\",\"inLanguage\":\"en-US\",\"@id\":\"https:\/\/www.fewo-direkt.de\/reisefuehrer\/#\/schema\/person\/image\/\",\"url\":\"https:\/\/secure.gravatar.com\/avatar\/34fbaa9832585e9f68574cb233fe8d82?s=96&d=mm&r=g\",\"contentUrl\":\"https:\/\/secure.gravatar.com\/avatar\/34fbaa9832585e9f68574cb233fe8d82?s=96&d=mm&r=g\",\"caption\":\"vrbous_admin\"},\"sameAs\":[\"https:\/\/vrbous.web\"],\"url\":\"https:\/\/www.fewo-direkt.de\/reisefuehrer\/author\/vrbous_admin\"}]}<\/script>\n<!-- \/ Yoast SEO plugin. -->","yoast_head_json":{"title":"Pulverschnee und Apr\u00e8s-Ski \u2013 Ferienwohnung in Ischgl","description":"Von der Piste auf die Party in der Event-Hochburg Tirols \u2013 hier finden Sie Ihre Ferienwohnung in Ischgl.","robots":{"index":"index","follow":"follow","max-snippet":"max-snippet:-1","max-image-preview":"max-image-preview:large","max-video-preview":"max-video-preview:-1"},"canonical":"https:\/\/www.fewo-direkt.de\/reisefuehrer\/ferienwohnungen\/europa\/ferienwohnungen-ischgl","og_locale":"en_US","og_type":"article","og_title":"Pulverschnee und Apr\u00e8s-Ski \u2013 Ferienwohnung in Ischgl","og_description":"Von der Piste auf die Party in der Event-Hochburg Tirols \u2013 hier finden Sie Ihre Ferienwohnung in Ischgl.","og_url":"https:\/\/www.fewo-direkt.de\/reisefuehrer\/ferienwohnungen\/europa\/ferienwohnungen-ischgl","og_site_name":"VRBO","article_published_time":"2019-07-10T06:13:44+00:00","author":"vrbous_admin","twitter_card":"summary_large_image","twitter_misc":{"Written by":"vrbous_admin","Est. reading time":"4 minutes"},"schema":{"@context":"https:\/\/schema.org","@graph":[{"@type":"WebPage","@id":"https:\/\/www.fewo-direkt.de\/reisefuehrer\/ferienwohnungen\/europa\/ferienwohnungen-ischgl","url":"https:\/\/www.fewo-direkt.de\/reisefuehrer\/ferienwohnungen\/europa\/ferienwohnungen-ischgl","name":"Pulverschnee und Apr\u00e8s-Ski \u2013 Ferienwohnung in Ischgl","isPartOf":{"@id":"https:\/\/www.fewo-direkt.de\/reisefuehrer\/#website"},"datePublished":"2019-07-10T06:13:44+00:00","dateModified":"2019-07-10T06:13:44+00:00","author":{"@id":"https:\/\/www.fewo-direkt.de\/reisefuehrer\/#\/schema\/person\/520e43ecbb88d854b065acd2b48b42d2"},"description":"Von der Piste auf die Party in der Event-Hochburg Tirols \u2013 hier finden Sie Ihre Ferienwohnung in Ischgl.","breadcrumb":{"@id":"https:\/\/www.fewo-direkt.de\/reisefuehrer\/ferienwohnungen\/europa\/ferienwohnungen-ischgl#breadcrumb"},"inLanguage":"en-US","potentialAction":[{"@type":"ReadAction","target":["https:\/\/www.fewo-direkt.de\/reisefuehrer\/ferienwohnungen\/europa\/ferienwohnungen-ischgl"]}]},{"@type":"BreadcrumbList","@id":"https:\/\/www.fewo-direkt.de\/reisefuehrer\/ferienwohnungen\/europa\/ferienwohnungen-ischgl#breadcrumb","itemListElement":[{"@type":"ListItem","position":1,"name":"Home","item":"https:\/\/www.fewo-direkt.de\/reisefuehrer\/"},{"@type":"ListItem","position":2,"name":"Ferienwohnungen","item":"https:\/\/www.fewo-direkt.de\/reisefuehrer\/ferienwohnungen"},{"@type":"ListItem","position":3,"name":"Europa","item":"https:\/\/www.fewo-direkt.de\/reisefuehrer\/ferienwohnungen\/europa"},{"@type":"ListItem","position":4,"name":"Ferienwohnungen in Ischgl von privat zu mieten"}]},{"@type":"WebSite","@id":"https:\/\/www.fewo-direkt.de\/reisefuehrer\/#website","url":"https:\/\/www.fewo-direkt.de\/reisefuehrer\/","name":"VRBO","description":"Inspiration for your Vacation","potentialAction":[{"@type":"SearchAction","target":{"@type":"EntryPoint","urlTemplate":"https:\/\/www.fewo-direkt.de\/reisefuehrer\/?s={search_term_string}"},"query-input":"required name=search_term_string"}],"inLanguage":"en-US"},{"@type":"Person","@id":"https:\/\/www.fewo-direkt.de\/reisefuehrer\/#\/schema\/person\/520e43ecbb88d854b065acd2b48b42d2","name":"vrbous_admin","image":{"@type":"ImageObject","inLanguage":"en-US","@id":"https:\/\/www.fewo-direkt.de\/reisefuehrer\/#\/schema\/person\/image\/","url":"https:\/\/secure.gravatar.com\/avatar\/34fbaa9832585e9f68574cb233fe8d82?s=96&d=mm&r=g","contentUrl":"https:\/\/secure.gravatar.com\/avatar\/34fbaa9832585e9f68574cb233fe8d82?s=96&d=mm&r=g","caption":"vrbous_admin"},"sameAs":["https:\/\/vrbous.web"],"url":"https:\/\/www.fewo-direkt.de\/reisefuehrer\/author\/vrbous_admin"}]}},"_links":{"self":[{"href":"https:\/\/www.fewo-direkt.de\/reisefuehrer\/wp-json\/wp\/v2\/posts\/13041"}],"collection":[{"href":"https:\/\/www.fewo-direkt.de\/reisefuehrer\/wp-json\/wp\/v2\/posts"}],"about":[{"href":"https:\/\/www.fewo-direkt.de\/reisefuehrer\/wp-json\/wp\/v2\/types\/post"}],"author":[{"embeddable":true,"href":"https:\/\/www.fewo-direkt.de\/reisefuehrer\/wp-json\/wp\/v2\/users\/1"}],"replies":[{"embeddable":true,"href":"https:\/\/www.fewo-direkt.de\/reisefuehrer\/wp-json\/wp\/v2\/comments?post=13041"}],"version-history":[{"count":0,"href":"https:\/\/www.fewo-direkt.de\/reisefuehrer\/wp-json\/wp\/v2\/posts\/13041\/revisions"}],"wp:featuredmedia":[{"embeddable":true,"href":"https:\/\/www.fewo-direkt.de\/reisefuehrer\/wp-json\/wp\/v2\/media\/13042"}],"wp:attachment":[{"href":"https:\/\/www.fewo-direkt.de\/reisefuehrer\/wp-json\/wp\/v2\/media?parent=13041"}],"wp:term":[{"taxonomy":"category","embeddable":true,"href":"https:\/\/www.fewo-direkt.de\/reisefuehrer\/wp-json\/wp\/v2\/categories?post=13041"},{"taxonomy":"post_tag","embeddable":true,"href":"https:\/\/www.fewo-direkt.de\/reisefuehrer\/wp-json\/wp\/v2\/tags?post=13041"}],"curies":[{"name":"wp","href":"https:\/\/api.w.org\/{rel}","templated":true}]}}